{"id":5356,"date":"2023-09-25T10:36:38","date_gmt":"2023-09-25T10:36:38","guid":{"rendered":"https:\/\/migrante.azores.gov.pt\/?post_type=noticias&#038;p=5356"},"modified":"2023-10-19T10:43:00","modified_gmt":"2023-10-19T10:43:00","slug":"programa-9-ilhas-9-acoes-promove-integracao-de-imigrantes-nos-acores","status":"publish","type":"noticias","link":"https:\/\/migrante.azores.gov.pt\/en\/imigrante\/noticias\/programa-9-ilhas-9-acoes-promove-integracao-de-imigrantes-nos-acores\/","title":{"rendered":"Programa \u201c9 ilhas, 9 a\u00e7\u00f5es\u201d promove integra\u00e7\u00e3o de imigrantes nos A\u00e7ores"},"content":{"rendered":"","protected":false},"featured_media":5357,"template":"","conteudo":[3],"class_list":["post-5356","noticias","type-noticias","status-publish","has-post-thumbnail","hentry","conteudo-imigrante"],"acf":[],"_links":{"self":[{"href":"https:\/\/migrante.azores.gov.pt\/en\/wp-json\/wp\/v2\/noticias\/5356","targetHints":{"allow":["GET"]}}],"collection":[{"href":"https:\/\/migrante.azores.gov.pt\/en\/wp-json\/wp\/v2\/noticias"}],"about":[{"href":"https:\/\/migrante.azores.gov.pt\/en\/wp-json\/wp\/v2\/types\/noticias"}],"version-history":[{"count":1,"href":"https:\/\/migrante.azores.gov.pt\/en\/wp-json\/wp\/v2\/noticias\/5356\/revisions"}],"predecessor-version":[{"id":5358,"href":"https:\/\/migrante.azores.gov.pt\/en\/wp-json\/wp\/v2\/noticias\/5356\/revisions\/5358"}],"wp:featuredmedia":[{"embeddable":true,"href":"https:\/\/migrante.azores.gov.pt\/en\/wp-json\/wp\/v2\/media\/5357"}],"wp:attachment":[{"href":"https:\/\/migrante.azores.gov.pt\/en\/wp-json\/wp\/v2\/media?parent=5356"}],"wp:term":[{"taxonomy":"conteudo","embeddable":true,"href":"https:\/\/migrante.azores.gov.pt\/en\/wp-json\/wp\/v2\/conteudo?post=5356"}],"curies":[{"name":"wp","href":"https:\/\/api.w.org\/{rel}","templated":true}]}}