{"id":5368,"date":"2023-10-18T10:41:35","date_gmt":"2023-10-18T10:41:35","guid":{"rendered":"https:\/\/migrante.azores.gov.pt\/?post_type=noticias&#038;p=5368"},"modified":"2023-10-27T09:46:21","modified_gmt":"2023-10-27T09:46:21","slug":"forum-das-migracoes-reune-nas-ilhas-do-faial-e-pico","status":"publish","type":"noticias","link":"https:\/\/migrante.azores.gov.pt\/en\/imigrante\/noticias\/forum-das-migracoes-reune-nas-ilhas-do-faial-e-pico\/","title":{"rendered":"F\u00f3rum das Migra\u00e7\u00f5es re\u00fane nas ilhas do Faial e Pico"},"content":{"rendered":"","protected":false},"featured_media":5369,"template":"","conteudo":[3],"class_list":["post-5368","noticias","type-noticias","status-publish","has-post-thumbnail","hentry","conteudo-imigrante"],"acf":[],"_links":{"self":[{"href":"https:\/\/migrante.azores.gov.pt\/en\/wp-json\/wp\/v2\/noticias\/5368","targetHints":{"allow":["GET"]}}],"collection":[{"href":"https:\/\/migrante.azores.gov.pt\/en\/wp-json\/wp\/v2\/noticias"}],"about":[{"href":"https:\/\/migrante.azores.gov.pt\/en\/wp-json\/wp\/v2\/types\/noticias"}],"version-history":[{"count":2,"href":"https:\/\/migrante.azores.gov.pt\/en\/wp-json\/wp\/v2\/noticias\/5368\/revisions"}],"predecessor-version":[{"id":5372,"href":"https:\/\/migrante.azores.gov.pt\/en\/wp-json\/wp\/v2\/noticias\/5368\/revisions\/5372"}],"wp:featuredmedia":[{"embeddable":true,"href":"https:\/\/migrante.azores.gov.pt\/en\/wp-json\/wp\/v2\/media\/5369"}],"wp:attachment":[{"href":"https:\/\/migrante.azores.gov.pt\/en\/wp-json\/wp\/v2\/media?parent=5368"}],"wp:term":[{"taxonomy":"conteudo","embeddable":true,"href":"https:\/\/migrante.azores.gov.pt\/en\/wp-json\/wp\/v2\/conteudo?post=5368"}],"curies":[{"name":"wp","href":"https:\/\/api.w.org\/{rel}","templated":true}]}}